{"id":2601,"date":"2020-11-06T16:58:59","date_gmt":"2020-11-06T16:58:59","guid":{"rendered":"https:\/\/viparacim.com\/?p=2601"},"modified":"2024-09-30T20:46:21","modified_gmt":"2024-09-30T17:46:21","slug":"ankara-office-vehicle-rental","status":"publish","type":"post","link":"https:\/\/viparacim.com\/en\/ankara-makam-araci-kiralama\/","title":{"rendered":"Ankara Executive Vehicle Rental"},"content":{"rendered":"<p class=\"wp-block-paragraph\">Capital city <strong>Ankara<\/strong>Due to its location, it is a city where requests for official vehicle allocation are quite intense. <strong>Office vehicle allocation<\/strong>It starts from the moment local and foreign guests are welcomed from the airport. You can rent models of your choice such as BMW 5 and BMW 7 series, Mercedes S series, VIP Mercedes VITO, VIANO series, VIP Transporter and Caravelle with a driver.<\/p>\n\n\n\n<p class=\"wp-block-paragraph\">All of our drivers are qualified people who are well-dressed, clean-shaven, have good diction, have knowledge of urban roads and experience in intercity transportation. <\/p>\n\n\n\n<p class=\"wp-block-paragraph\"><strong>Office car rental<\/strong> You can contact us for your requests and make a reservation for the dates you need. By examining our vehicles and high-end models, you can see the features that include everything you need for a safe and comfortable journey.<\/p>\n\n\n\n<p class=\"wp-block-paragraph\">For the continuity of your business, you can choose from our luxury vehicles with equipment such as TV, internet, refrigerator and work desk, and benefit from our office car rental service.<\/p>","protected":false},"excerpt":{"rendered":"<p>Ba\u015fkent Ankara, konumu gere\u011fi makam arac\u0131 tahsisi taleplerinin de olduk\u00e7a yo\u011fun oldu\u011fu bir kenttir. Makam arac\u0131<span class=\"excerpt-hellip\"> [\u2026]<\/span><\/p>\n","protected":false},"author":1,"featured_media":2317,"comment_status":"closed","ping_status":"open","sticky":false,"template":"","format":"standard","meta":{"rs_blank_template":"","rs_page_bg_color":"","slide_template_v7":"","footnotes":""},"categories":[36,102,31],"tags":[12,60,24,56],"class_list":["post-2601","post","type-post","status-publish","format-standard","has-post-thumbnail","hentry","category-ankara-makam-araci-tahsisi","category-ankara-vip-transfer","category-ankara-vip-vito-kiralama","tag-luks-arac-kiralama","tag-makam-araci-kiralama","tag-soforlu-arac-kiralama","tag-vip-arac-kiralama"],"aioseo_notices":[],"aioseo_head":"\n\t\t<!-- All in One SEO 5.0.1.1 - aioseo.com -->\n\t<meta name=\"description\" content=\"Tecr\u00fcbeli \u015fof\u00f6rlerimizle, makam arac\u0131 kiralama talepleriniz i\u00e7in bizimle ileti\u015fime ge\u00e7erek ihtiyac\u0131n\u0131z olan tarihler i\u00e7in rezervasyon yapabilirsiniz.\" \/>\n\t<meta name=\"robots\" content=\"max-image-preview:large\" \/>\n\t<meta name=\"author\" content=\"admin\"\/>\n\t<meta name=\"google-site-verification\" content=\"KAfmD1_dxcNzq7SX_ubTUTOToER_1hK50Vpivh7NntI\" \/>\n\t<meta name=\"keywords\" content=\"makam,araci,kiralama,vip,arac,kiralama,soforlu,luks,vito,caravelle,bmw,protokol,kiralik,l\u00fcks ara\u00e7 kiralama,makam arac\u0131 kiralama,\u015fof\u00f6rl\u00fc ara\u00e7 kiralama,vip ara\u00e7 kiralama,ankara makam arac\u0131 tahsisi,ankara vip transfer,ankara vip vito kiralama\" \/>\n\t<link rel=\"canonical\" href=\"https:\/\/viparacim.com\/en\/ankara-makam-araci-kiralama\/\" \/>\n\t<meta name=\"generator\" content=\"All in One SEO (AIOSEO) 5.0.1.1\" \/>\n\t\t<meta property=\"og:locale\" content=\"en_US\" \/>\n\t\t<meta property=\"og:site_name\" content=\"VIPARACIM \u015eof\u00f6rl\u00fc L\u00fcks Ara\u00e7 Kiralama\" \/>\n\t\t<meta property=\"og:type\" content=\"article\" \/>\n\t\t<meta property=\"og:title\" content=\"Ankara Makam Arac\u0131 Kiralama | \u015e\u00f6f\u00f6rl\u00fc Ara\u00e7 Kiralama\" \/>\n\t\t<meta property=\"og:description\" content=\"Tecr\u00fcbeli \u015fof\u00f6rlerimizle, makam arac\u0131 kiralama talepleriniz i\u00e7in bizimle ileti\u015fime ge\u00e7erek ihtiyac\u0131n\u0131z olan tarihler i\u00e7in rezervasyon yapabilirsiniz.\" \/>\n\t\t<meta property=\"og:url\" content=\"https:\/\/viparacim.com\/en\/ankara-makam-araci-kiralama\/\" \/>\n\t\t<meta property=\"og:image\" content=\"https:\/\/viparacim.com\/wp-content\/uploads\/2020\/06\/viparacim-schema.jpg\" \/>\n\t\t<meta property=\"og:image:secure_url\" content=\"https:\/\/viparacim.com\/wp-content\/uploads\/2020\/06\/viparacim-schema.jpg\" \/>\n\t\t<meta property=\"og:image:width\" content=\"1251\" \/>\n\t\t<meta property=\"og:image:height\" content=\"811\" \/>\n\t\t<meta property=\"article:published_time\" content=\"2020-11-06T16:58:59+00:00\" \/>\n\t\t<meta property=\"article:modified_time\" content=\"2024-09-30T17:46:21+00:00\" \/>\n\t\t<meta name=\"twitter:card\" content=\"summary\" \/>\n\t\t<meta name=\"twitter:title\" content=\"Ankara Makam Arac\u0131 Kiralama | \u015e\u00f6f\u00f6rl\u00fc Ara\u00e7 Kiralama\" \/>\n\t\t<meta name=\"twitter:description\" content=\"Tecr\u00fcbeli \u015fof\u00f6rlerimizle, makam arac\u0131 kiralama talepleriniz i\u00e7in bizimle ileti\u015fime ge\u00e7erek ihtiyac\u0131n\u0131z olan tarihler i\u00e7in rezervasyon yapabilirsiniz.\" \/>\n\t\t<meta name=\"twitter:image\" content=\"https:\/\/viparacim.com\/wp-content\/uploads\/2020\/06\/viparacim-schema.jpg\" \/>\n\t\t<script type=\"application\/ld+json\" class=\"aioseo-schema\">\n\t\t\t{\"@context\":\"https:\\\/\\\/schema.org\",\"@graph\":[{\"@type\":\"Article\",\"@id\":\"https:\\\/\\\/viparacim.com\\\/en\\\/ankara-makam-araci-kiralama\\\/#article\",\"name\":\"Ankara Makam Arac\\u0131 Kiralama | \\u015e\\u00f6f\\u00f6rl\\u00fc Ara\\u00e7 Kiralama\",\"headline\":\"Ankara Makam Arac\\u0131 Kiralama\",\"author\":{\"@id\":\"https:\\\/\\\/viparacim.com\\\/en\\\/author\\\/admin\\\/#author\"},\"publisher\":{\"@id\":\"https:\\\/\\\/viparacim.com\\\/en\\\/#organization\"},\"image\":{\"@type\":\"ImageObject\",\"url\":\"https:\\\/\\\/viparacim.com\\\/wp-content\\\/uploads\\\/2014\\\/05\\\/Ankara-soforlu-arac-kiralama-Volkswagen-passat-kiralama-havaalani-transfer17.jpg\",\"width\":1062,\"height\":856},\"datePublished\":\"2020-11-06T16:58:59+03:00\",\"dateModified\":\"2024-09-30T20:46:21+03:00\",\"inLanguage\":\"en-US\",\"mainEntityOfPage\":{\"@id\":\"https:\\\/\\\/viparacim.com\\\/en\\\/ankara-makam-araci-kiralama\\\/#webpage\"},\"isPartOf\":{\"@id\":\"https:\\\/\\\/viparacim.com\\\/en\\\/ankara-makam-araci-kiralama\\\/#webpage\"},\"articleSection\":\"Ankara Makam Arac\\u0131 Tahsisi, Ankara Vip Transfer, Ankara Vip Vito Kiralama, L\\u00fcks ara\\u00e7 kiralama, Makam arac\\u0131 kiralama, \\u015eof\\u00f6rl\\u00fc ara\\u00e7 kiralama, Vip ara\\u00e7 kiralama\"},{\"@type\":\"BreadcrumbList\",\"@id\":\"https:\\\/\\\/viparacim.com\\\/en\\\/ankara-makam-araci-kiralama\\\/#breadcrumblist\",\"itemListElement\":[{\"@type\":\"ListItem\",\"@id\":\"https:\\\/\\\/viparacim.com\\\/en#listItem\",\"position\":1,\"name\":\"Home\",\"item\":\"https:\\\/\\\/viparacim.com\\\/en\",\"nextItem\":{\"@type\":\"ListItem\",\"@id\":\"https:\\\/\\\/viparacim.com\\\/en\\\/category\\\/ankara-vip-vito-kiralama\\\/#listItem\",\"name\":\"Ankara Vip Vito Kiralama\"}},{\"@type\":\"ListItem\",\"@id\":\"https:\\\/\\\/viparacim.com\\\/en\\\/category\\\/ankara-vip-vito-kiralama\\\/#listItem\",\"position\":2,\"name\":\"Ankara Vip Vito Kiralama\",\"item\":\"https:\\\/\\\/viparacim.com\\\/en\\\/category\\\/ankara-vip-vito-kiralama\\\/\",\"nextItem\":{\"@type\":\"ListItem\",\"@id\":\"https:\\\/\\\/viparacim.com\\\/en\\\/ankara-makam-araci-kiralama\\\/#listItem\",\"name\":\"Ankara Makam Arac\\u0131 Kiralama\"},\"previousItem\":{\"@type\":\"ListItem\",\"@id\":\"https:\\\/\\\/viparacim.com\\\/en#listItem\",\"name\":\"Home\"}},{\"@type\":\"ListItem\",\"@id\":\"https:\\\/\\\/viparacim.com\\\/en\\\/ankara-makam-araci-kiralama\\\/#listItem\",\"position\":3,\"name\":\"Ankara Makam Arac\\u0131 Kiralama\",\"previousItem\":{\"@type\":\"ListItem\",\"@id\":\"https:\\\/\\\/viparacim.com\\\/en\\\/category\\\/ankara-vip-vito-kiralama\\\/#listItem\",\"name\":\"Ankara Vip Vito Kiralama\"}}]},{\"@type\":\"Organization\",\"@id\":\"https:\\\/\\\/viparacim.com\\\/en\\\/#organization\",\"name\":\"Viparacim\",\"description\":\"G\\u00fcvenilir, \\u015f\\u00f6f\\u00f6rl\\u00fc l\\u00fcks ara\\u00e7 kiralama, hizmeti ile tan\\u0131\\u015f\\u0131n. Ankara ara\\u00e7 kiralama hizmeti, \\u015f\\u00f6f\\u00f6rl\\u00fc l\\u00fcks araba kiralama ve l\\u00fcks d\\u00fc\\u011f\\u00fcn gelin arabas\\u0131 kiralama hizmeti sunmaktad\\u0131r.\",\"url\":\"https:\\\/\\\/viparacim.com\\\/en\\\/\",\"telephone\":\"+905439720606\",\"logo\":{\"@type\":\"ImageObject\",\"url\":\"https:\\\/\\\/viparacim.com\\\/wp-content\\\/uploads\\\/2024\\\/03\\\/vector-viparacim.svg\",\"@id\":\"https:\\\/\\\/viparacim.com\\\/en\\\/ankara-makam-araci-kiralama\\\/#organizationLogo\"},\"image\":{\"@id\":\"https:\\\/\\\/viparacim.com\\\/en\\\/ankara-makam-araci-kiralama\\\/#organizationLogo\"},\"sameAs\":[\"https:\\\/\\\/www.instagram.com\\\/viparacimresmi\\\/\"]},{\"@type\":\"Person\",\"@id\":\"https:\\\/\\\/viparacim.com\\\/en\\\/author\\\/admin\\\/#author\",\"url\":\"https:\\\/\\\/viparacim.com\\\/en\\\/author\\\/admin\\\/\",\"name\":\"admin\",\"image\":{\"@type\":\"ImageObject\",\"@id\":\"https:\\\/\\\/viparacim.com\\\/en\\\/ankara-makam-araci-kiralama\\\/#authorImage\",\"url\":\"https:\\\/\\\/secure.gravatar.com\\\/avatar\\\/c4f9d0327116a9912199bfe2a8ea4b4001856b9b6887758ef97ac9dfc021d97c?s=96&d=mm&r=g\",\"width\":96,\"height\":96,\"caption\":\"admin\"}},{\"@type\":\"WebPage\",\"@id\":\"https:\\\/\\\/viparacim.com\\\/en\\\/ankara-makam-araci-kiralama\\\/#webpage\",\"url\":\"https:\\\/\\\/viparacim.com\\\/en\\\/ankara-makam-araci-kiralama\\\/\",\"name\":\"Ankara Makam Arac\\u0131 Kiralama | \\u015e\\u00f6f\\u00f6rl\\u00fc Ara\\u00e7 Kiralama\",\"description\":\"Tecr\\u00fcbeli \\u015fof\\u00f6rlerimizle, makam arac\\u0131 kiralama talepleriniz i\\u00e7in bizimle ileti\\u015fime ge\\u00e7erek ihtiyac\\u0131n\\u0131z olan tarihler i\\u00e7in rezervasyon yapabilirsiniz.\",\"inLanguage\":\"en-US\",\"isPartOf\":{\"@id\":\"https:\\\/\\\/viparacim.com\\\/en\\\/#website\"},\"breadcrumb\":{\"@id\":\"https:\\\/\\\/viparacim.com\\\/en\\\/ankara-makam-araci-kiralama\\\/#breadcrumblist\"},\"author\":{\"@id\":\"https:\\\/\\\/viparacim.com\\\/en\\\/author\\\/admin\\\/#author\"},\"creator\":{\"@id\":\"https:\\\/\\\/viparacim.com\\\/en\\\/author\\\/admin\\\/#author\"},\"image\":{\"@type\":\"ImageObject\",\"url\":\"https:\\\/\\\/viparacim.com\\\/wp-content\\\/uploads\\\/2014\\\/05\\\/Ankara-soforlu-arac-kiralama-Volkswagen-passat-kiralama-havaalani-transfer17.jpg\",\"@id\":\"https:\\\/\\\/viparacim.com\\\/en\\\/ankara-makam-araci-kiralama\\\/#mainImage\",\"width\":1062,\"height\":856},\"primaryImageOfPage\":{\"@id\":\"https:\\\/\\\/viparacim.com\\\/en\\\/ankara-makam-araci-kiralama\\\/#mainImage\"},\"datePublished\":\"2020-11-06T16:58:59+03:00\",\"dateModified\":\"2024-09-30T20:46:21+03:00\"},{\"@type\":\"WebSite\",\"@id\":\"https:\\\/\\\/viparacim.com\\\/en\\\/#website\",\"url\":\"https:\\\/\\\/viparacim.com\\\/en\\\/\",\"name\":\"\\u015e\\u00f6f\\u00f6rl\\u00fc Ara\\u00e7 Kiralama\",\"description\":\"G\\u00fcvenilir, \\u015f\\u00f6f\\u00f6rl\\u00fc l\\u00fcks ara\\u00e7 kiralama, hizmeti ile tan\\u0131\\u015f\\u0131n. Ankara ara\\u00e7 kiralama hizmeti, \\u015f\\u00f6f\\u00f6rl\\u00fc l\\u00fcks araba kiralama ve l\\u00fcks d\\u00fc\\u011f\\u00fcn gelin arabas\\u0131 kiralama hizmeti sunmaktad\\u0131r.\",\"inLanguage\":\"en-US\",\"publisher\":{\"@id\":\"https:\\\/\\\/viparacim.com\\\/en\\\/#organization\"}}]}\n\t\t<\/script>\n\t\t<!-- All in One SEO -->\n\n","aioseo_head_json":{"title":"Ankara Executive Vehicle Rental | Car Rental with Driver","description":"You can contact us for your office car rental requests with our experienced drivers and make a reservation for the dates you need.","canonical_url":"https:\/\/viparacim.com\/en\/ankara-makam-araci-kiralama\/","robots":"max-image-preview:large","keywords":"makam,araci,kiralama,vip,arac,kiralama,soforlu,luks,vito,caravelle,bmw,protokol,kiralik,l\u00fcks ara\u00e7 kiralama,makam arac\u0131 kiralama,\u015fof\u00f6rl\u00fc ara\u00e7 kiralama,vip ara\u00e7 kiralama,ankara makam arac\u0131 tahsisi,ankara vip transfer,ankara vip vito kiralama","webmasterTools":{"google-site-verification":"KAfmD1_dxcNzq7SX_ubTUTOToER_1hK50Vpivh7NntI","miscellaneous":""},"schema":{"@context":"https:\/\/schema.org","@graph":[{"@type":"Article","@id":"https:\/\/viparacim.com\/en\/ankara-makam-araci-kiralama\/#article","name":"Ankara Makam Arac\u0131 Kiralama | \u015e\u00f6f\u00f6rl\u00fc Ara\u00e7 Kiralama","headline":"Ankara Makam Arac\u0131 Kiralama","author":{"@id":"https:\/\/viparacim.com\/en\/author\/admin\/#author"},"publisher":{"@id":"https:\/\/viparacim.com\/en\/#organization"},"image":{"@type":"ImageObject","url":"https:\/\/viparacim.com\/wp-content\/uploads\/2014\/05\/Ankara-soforlu-arac-kiralama-Volkswagen-passat-kiralama-havaalani-transfer17.jpg","width":1062,"height":856},"datePublished":"2020-11-06T16:58:59+03:00","dateModified":"2024-09-30T20:46:21+03:00","inLanguage":"en-US","mainEntityOfPage":{"@id":"https:\/\/viparacim.com\/en\/ankara-makam-araci-kiralama\/#webpage"},"isPartOf":{"@id":"https:\/\/viparacim.com\/en\/ankara-makam-araci-kiralama\/#webpage"},"articleSection":"Ankara Makam Arac\u0131 Tahsisi, Ankara Vip Transfer, Ankara Vip Vito Kiralama, L\u00fcks ara\u00e7 kiralama, Makam arac\u0131 kiralama, \u015eof\u00f6rl\u00fc ara\u00e7 kiralama, Vip ara\u00e7 kiralama"},{"@type":"BreadcrumbList","@id":"https:\/\/viparacim.com\/en\/ankara-makam-araci-kiralama\/#breadcrumblist","itemListElement":[{"@type":"ListItem","@id":"https:\/\/viparacim.com\/en#listItem","position":1,"name":"Home","item":"https:\/\/viparacim.com\/en","nextItem":{"@type":"ListItem","@id":"https:\/\/viparacim.com\/en\/category\/ankara-vip-vito-kiralama\/#listItem","name":"Ankara Vip Vito Kiralama"}},{"@type":"ListItem","@id":"https:\/\/viparacim.com\/en\/category\/ankara-vip-vito-kiralama\/#listItem","position":2,"name":"Ankara Vip Vito Kiralama","item":"https:\/\/viparacim.com\/en\/category\/ankara-vip-vito-kiralama\/","nextItem":{"@type":"ListItem","@id":"https:\/\/viparacim.com\/en\/ankara-makam-araci-kiralama\/#listItem","name":"Ankara Makam Arac\u0131 Kiralama"},"previousItem":{"@type":"ListItem","@id":"https:\/\/viparacim.com\/en#listItem","name":"Home"}},{"@type":"ListItem","@id":"https:\/\/viparacim.com\/en\/ankara-makam-araci-kiralama\/#listItem","position":3,"name":"Ankara Makam Arac\u0131 Kiralama","previousItem":{"@type":"ListItem","@id":"https:\/\/viparacim.com\/en\/category\/ankara-vip-vito-kiralama\/#listItem","name":"Ankara Vip Vito Kiralama"}}]},{"@type":"Organization","@id":"https:\/\/viparacim.com\/en\/#organization","name":"Viparacim","description":"G\u00fcvenilir, \u015f\u00f6f\u00f6rl\u00fc l\u00fcks ara\u00e7 kiralama, hizmeti ile tan\u0131\u015f\u0131n. Ankara ara\u00e7 kiralama hizmeti, \u015f\u00f6f\u00f6rl\u00fc l\u00fcks araba kiralama ve l\u00fcks d\u00fc\u011f\u00fcn gelin arabas\u0131 kiralama hizmeti sunmaktad\u0131r.","url":"https:\/\/viparacim.com\/en\/","telephone":"+905439720606","logo":{"@type":"ImageObject","url":"https:\/\/viparacim.com\/wp-content\/uploads\/2024\/03\/vector-viparacim.svg","@id":"https:\/\/viparacim.com\/en\/ankara-makam-araci-kiralama\/#organizationLogo"},"image":{"@id":"https:\/\/viparacim.com\/en\/ankara-makam-araci-kiralama\/#organizationLogo"},"sameAs":["https:\/\/www.instagram.com\/viparacimresmi\/"]},{"@type":"Person","@id":"https:\/\/viparacim.com\/en\/author\/admin\/#author","url":"https:\/\/viparacim.com\/en\/author\/admin\/","name":"admin","image":{"@type":"ImageObject","@id":"https:\/\/viparacim.com\/en\/ankara-makam-araci-kiralama\/#authorImage","url":"https:\/\/secure.gravatar.com\/avatar\/c4f9d0327116a9912199bfe2a8ea4b4001856b9b6887758ef97ac9dfc021d97c?s=96&d=mm&r=g","width":96,"height":96,"caption":"admin"}},{"@type":"WebPage","@id":"https:\/\/viparacim.com\/en\/ankara-makam-araci-kiralama\/#webpage","url":"https:\/\/viparacim.com\/en\/ankara-makam-araci-kiralama\/","name":"Ankara Makam Arac\u0131 Kiralama | \u015e\u00f6f\u00f6rl\u00fc Ara\u00e7 Kiralama","description":"Tecr\u00fcbeli \u015fof\u00f6rlerimizle, makam arac\u0131 kiralama talepleriniz i\u00e7in bizimle ileti\u015fime ge\u00e7erek ihtiyac\u0131n\u0131z olan tarihler i\u00e7in rezervasyon yapabilirsiniz.","inLanguage":"en-US","isPartOf":{"@id":"https:\/\/viparacim.com\/en\/#website"},"breadcrumb":{"@id":"https:\/\/viparacim.com\/en\/ankara-makam-araci-kiralama\/#breadcrumblist"},"author":{"@id":"https:\/\/viparacim.com\/en\/author\/admin\/#author"},"creator":{"@id":"https:\/\/viparacim.com\/en\/author\/admin\/#author"},"image":{"@type":"ImageObject","url":"https:\/\/viparacim.com\/wp-content\/uploads\/2014\/05\/Ankara-soforlu-arac-kiralama-Volkswagen-passat-kiralama-havaalani-transfer17.jpg","@id":"https:\/\/viparacim.com\/en\/ankara-makam-araci-kiralama\/#mainImage","width":1062,"height":856},"primaryImageOfPage":{"@id":"https:\/\/viparacim.com\/en\/ankara-makam-araci-kiralama\/#mainImage"},"datePublished":"2020-11-06T16:58:59+03:00","dateModified":"2024-09-30T20:46:21+03:00"},{"@type":"WebSite","@id":"https:\/\/viparacim.com\/en\/#website","url":"https:\/\/viparacim.com\/en\/","name":"\u015e\u00f6f\u00f6rl\u00fc Ara\u00e7 Kiralama","description":"G\u00fcvenilir, \u015f\u00f6f\u00f6rl\u00fc l\u00fcks ara\u00e7 kiralama, hizmeti ile tan\u0131\u015f\u0131n. Ankara ara\u00e7 kiralama hizmeti, \u015f\u00f6f\u00f6rl\u00fc l\u00fcks araba kiralama ve l\u00fcks d\u00fc\u011f\u00fcn gelin arabas\u0131 kiralama hizmeti sunmaktad\u0131r.","inLanguage":"en-US","publisher":{"@id":"https:\/\/viparacim.com\/en\/#organization"}}]},"og:locale":"en_US","og:site_name":"VIPARACIM \u015eof\u00f6rl\u00fc L\u00fcks Ara\u00e7 Kiralama","og:type":"article","og:title":"Ankara Makam Arac\u0131 Kiralama | \u015e\u00f6f\u00f6rl\u00fc Ara\u00e7 Kiralama","og:description":"Tecr\u00fcbeli \u015fof\u00f6rlerimizle, makam arac\u0131 kiralama talepleriniz i\u00e7in bizimle ileti\u015fime ge\u00e7erek ihtiyac\u0131n\u0131z olan tarihler i\u00e7in rezervasyon yapabilirsiniz.","og:url":"https:\/\/viparacim.com\/en\/ankara-makam-araci-kiralama\/","og:image":"https:\/\/viparacim.com\/wp-content\/uploads\/2020\/06\/viparacim-schema.jpg","og:image:secure_url":"https:\/\/viparacim.com\/wp-content\/uploads\/2020\/06\/viparacim-schema.jpg","og:image:width":1251,"og:image:height":811,"article:published_time":"2020-11-06T16:58:59+00:00","article:modified_time":"2024-09-30T17:46:21+00:00","twitter:card":"summary","twitter:title":"Ankara Makam Arac\u0131 Kiralama | \u015e\u00f6f\u00f6rl\u00fc Ara\u00e7 Kiralama","twitter:description":"Tecr\u00fcbeli \u015fof\u00f6rlerimizle, makam arac\u0131 kiralama talepleriniz i\u00e7in bizimle ileti\u015fime ge\u00e7erek ihtiyac\u0131n\u0131z olan tarihler i\u00e7in rezervasyon yapabilirsiniz.","twitter:image":"https:\/\/viparacim.com\/wp-content\/uploads\/2020\/06\/viparacim-schema.jpg"},"aioseo_meta_data":{"post_id":"2601","title":null,"description":"You can contact us for your office car rental requests with our experienced drivers and make a reservation for the dates you need.","keywords":[{"label":"makam,araci,kiralama,vip,arac,kiralama,soforlu,luks,vito,caravelle,bmw,protokol,kiralik","value":"makam,araci,kiralama,vip,arac,kiralama,soforlu,luks,vito,caravelle,bmw,protokol,kiralik"}],"keyphrases":{"focus":[],"additional":[]},"primary_term":null,"canonical_url":null,"og_title":null,"og_description":null,"og_object_type":"default","og_image_type":"default","og_image_url":null,"og_image_width":null,"og_image_height":null,"og_image_custom_url":null,"og_image_custom_fields":null,"og_video":"","og_custom_url":null,"og_article_section":null,"og_article_tags":null,"twitter_use_og":false,"twitter_card":"default","twitter_image_type":"default","twitter_image_url":null,"twitter_image_custom_url":null,"twitter_image_custom_fields":null,"twitter_title":null,"twitter_description":null,"schema":{"blockGraphs":[],"customGraphs":[],"default":{"data":{"Article":[],"Course":[],"Dataset":[],"FAQPage":[],"Movie":[],"Person":[],"Product":[],"ProductReview":[],"Car":[],"Recipe":[],"Service":[],"SoftwareApplication":[],"WebPage":[]},"graphName":"","isEnabled":true},"graphs":[],"defaultGraph":"Article","defaultPostTypeGraph":""},"schema_type":"default","schema_type_options":"{\"article\":{\"articleType\":\"BlogPosting\"},\"course\":{\"name\":\"\",\"description\":\"\",\"provider\":\"\"},\"faq\":{\"pages\":[]},\"product\":{\"reviews\":[]},\"recipe\":{\"ingredients\":[],\"instructions\":[],\"keywords\":[]},\"software\":{\"reviews\":[],\"operatingSystems\":[]},\"webPage\":{\"webPageType\":\"WebPage\"}}","pillar_content":false,"robots_default":true,"robots_noindex":false,"robots_noarchive":false,"robots_nosnippet":false,"robots_nofollow":false,"robots_noimageindex":false,"robots_noodp":false,"robots_notranslate":false,"robots_max_snippet":"-1","robots_max_videopreview":"-1","robots_max_imagepreview":"large","priority":null,"frequency":"default","local_seo":null,"breadcrumb_settings":null,"limit_modified_date":false,"ai":null,"created":"2021-01-11 12:00:06","updated":"2025-08-18 12:02:13","focus_keyword":null,"additional_keywords":null,"truseo_locale":null,"seo_analyzer_scan_date":null},"_links":{"self":[{"href":"https:\/\/viparacim.com\/en\/wp-json\/wp\/v2\/posts\/2601","targetHints":{"allow":["GET"]}}],"collection":[{"href":"https:\/\/viparacim.com\/en\/wp-json\/wp\/v2\/posts"}],"about":[{"href":"https:\/\/viparacim.com\/en\/wp-json\/wp\/v2\/types\/post"}],"author":[{"embeddable":true,"href":"https:\/\/viparacim.com\/en\/wp-json\/wp\/v2\/users\/1"}],"replies":[{"embeddable":true,"href":"https:\/\/viparacim.com\/en\/wp-json\/wp\/v2\/comments?post=2601"}],"version-history":[{"count":2,"href":"https:\/\/viparacim.com\/en\/wp-json\/wp\/v2\/posts\/2601\/revisions"}],"predecessor-version":[{"id":2675,"href":"https:\/\/viparacim.com\/en\/wp-json\/wp\/v2\/posts\/2601\/revisions\/2675"}],"wp:featuredmedia":[{"embeddable":true,"href":"https:\/\/viparacim.com\/en\/wp-json\/wp\/v2\/media\/2317"}],"wp:attachment":[{"href":"https:\/\/viparacim.com\/en\/wp-json\/wp\/v2\/media?parent=2601"}],"wp:term":[{"taxonomy":"category","embeddable":true,"href":"https:\/\/viparacim.com\/en\/wp-json\/wp\/v2\/categories?post=2601"},{"taxonomy":"post_tag","embeddable":true,"href":"https:\/\/viparacim.com\/en\/wp-json\/wp\/v2\/tags?post=2601"}],"curies":[{"name":"wp","href":"https:\/\/api.w.org\/{rel}","templated":true}]}}